{"id":1713,"date":"2026-03-21T09:52:32","date_gmt":"2026-03-21T08:52:32","guid":{"rendered":"https:\/\/neues-mitteldeutschland.de\/?p=1713"},"modified":"2026-03-21T09:52:32","modified_gmt":"2026-03-21T08:52:32","slug":"jugendfeuerwehr-meerane-rueckblick-2025-ausblick-2026","status":"publish","type":"post","link":"http:\/\/www.marktplatz-zwickauerland.de\/index.php\/2026\/03\/21\/jugendfeuerwehr-meerane-rueckblick-2025-ausblick-2026\/","title":{"rendered":"Jugendfeuerwehr Meerane: R\u00fcckblick 2025 \u2013 Ausblick 2026"},"content":{"rendered":"<p><main id=\"main\"><\/p>\n<div class=\"inside\">\n<div id=\"article-93\" class=\"mod_article block\">\n<div class=\"mod_newsreader block\">\n<div class=\"layout_full block\">\n<p>Jugendfeuerwehr Meerane: R\u00fcckblick 2025 \u2013 Ausblick 2026<\/p>\n<div class=\"ce_text block\">\n<p>Jugendwartin Julia Lampert stellte Rechenschaftsbericht vor \/ Mitgliederzahl auf 47 erh\u00f6ht<\/p>\n<p>Im Rahmen der Jahreshauptversammlung der Feuerwehr Meerane im Februar 2026 stellte Jugendwartin Julia Lampert den Rechenschaftsbericht der Jugendfeuerwehr f\u00fcr das Jahr 2025 vor. Sie informierte zur Mitgliederentwicklung, zu Ausbildungen, Diensten und den vielf\u00e4ltigen Aktivit\u00e4ten im vergangenen Jahr 2025 und sie gab auch einen Ausblick auf 2026.<\/p>\n<p>Zum 31. Dezember 2025 geh\u00f6rten 47 Mitglieder zur Meeraner Jugendfeuerwehr, davon 36 Jungen und 11 M\u00e4dchen. Vier Jugendliche wurden in die aktive Einsatzabteilung \u00fcbergeben, doch mit sieben Neuaufnahmen konnte die Mitgliederzahl im Vergleich zu 2024 sogar erh\u00f6ht werden. \u201eF\u00fcr mich pers\u00f6nlich besonders erfreulich ist der weiterhin steigende Anteil weiblicher Mitglieder in unserer Jugendfeuerwehr\u201c, sagte Julia Lampert.<\/p>\n<p><img fetchpriority=\"high\" decoding=\"async\" class=\"alignnone wp-image-1714 size-large\" src=\"https:\/\/neues-mitteldeutschland.de\/wp-content\/uploads\/2026\/03\/9-1-1024x683.jpg\" alt=\"\" width=\"640\" height=\"427\" srcset=\"http:\/\/www.marktplatz-zwickauerland.de\/wp-content\/uploads\/2026\/03\/9-1-1024x683.jpg 1024w, http:\/\/www.marktplatz-zwickauerland.de\/wp-content\/uploads\/2026\/03\/9-1-300x200.jpg 300w, http:\/\/www.marktplatz-zwickauerland.de\/wp-content\/uploads\/2026\/03\/9-1-768x512.jpg 768w, http:\/\/www.marktplatz-zwickauerland.de\/wp-content\/uploads\/2026\/03\/9-1.jpg 1485w\" sizes=\"(max-width: 640px) 100vw, 640px\" \/><\/p>\n<\/div>\n<div class=\"ce_text block\">\n<p>Aufgrund der hohen Mitgliederzahl erfolgten die Dienste und Schulungen weiterhin in zwei Gruppen mit w\u00f6chentlichem Wechsel. Die insgesamt 65 Ausbildungsdienste entsprachen dabei einer Dienstzeit von etwa 195 Stunden pro Ausbilder. Julia Lampert: \u201eDie Ausbildungsthemen reichten von feuerwehrtechnischer Ausbildung \u00fcber Spiele und kreative Angebote bis hin zu Erster Hilfe, Pr\u00e4vention und Brandschutzerziehung. Letztere erfreute sich weiterhin gro\u00dfer Beliebtheit, sodass wir auch im vergangenen Jahr insgesamt sieben Kita-Gruppen mit ihren Vorsch\u00fclern sowie drei Hortgruppen zur Brandschutzerziehung in unserem Ger\u00e4tehaus begr\u00fc\u00dfen durften.\u201c<br \/>\nAufgelockert wird das Dienstgeschehen des Feuerwehrnachwuchses mit verschiedenen Aktivit\u00e4ten und der Teilnahme an Veranstaltungen. Dazu z\u00e4hlten im vergangenen Jahr die Teilnahme am Meeraner Stra\u00dfenfasching, der Osterbrunch mit Besuch der historischen Feuerwehrausstellung im Neobarocken Postgeb\u00e4ude, die Teilnahme am Meerathon inklusive vorherigem regelm\u00e4\u00dfigen Lauftraining und die Beteiligung am Kinderfest auf dem Bauspielplatz im Mai. \u201eDas Kinderfest war dabei eine sch\u00f6ne Gelegenheit, mit vielen Kindern und Familien ins Gespr\u00e4ch zu kommen und unsere Arbeit vorzustellen\u201c, berichtete Julia Lampert.<br \/>\nDer September stand ganz im Zeichen der praktischen Ausbildung sowie der Vorbereitung auf den Tag der offenen T\u00fcr der Feuerwehr Meerane und der Jahresabschluss\u00fcbung, die 2025 von der Jugendfeuerwehr Meerane ausgerichtet wurde. Auf dem Gel\u00e4nde der Meeraner Stadttechnik stellten sich die Jugendfeuerwehren aus Meerane, Sch\u00f6nberg, Oberwiera, Ponitz und G\u00f6\u00dfnitz sowie das Jugendrotkreuz Oberwiera gemeinsam dem \u00dcbungsszenario \u2013 einem Fahrzeughallenbrand nach einer Verpuffung mit mehreren vermissten Personen.<br \/>\nIm Oktober stand f\u00fcr die j\u00fcngsten Mitglieder ein \u201ekreativer Dienst\u201c mit K\u00fcrbisschnitzen auf dem Plan und den Jahresabschluss bildete wieder die Weihnachtsfeier, bei der Lebkuchenh\u00e4user gestaltet wurden und man das Jahr gemeinsam ausklingen lie\u00df.<\/p>\n<p><img decoding=\"async\" class=\"alignnone wp-image-1715 size-large\" src=\"https:\/\/neues-mitteldeutschland.de\/wp-content\/uploads\/2026\/03\/10-1024x682.jpg\" alt=\"\" width=\"640\" height=\"426\" srcset=\"http:\/\/www.marktplatz-zwickauerland.de\/wp-content\/uploads\/2026\/03\/10-1024x682.jpg 1024w, http:\/\/www.marktplatz-zwickauerland.de\/wp-content\/uploads\/2026\/03\/10-300x200.jpg 300w, http:\/\/www.marktplatz-zwickauerland.de\/wp-content\/uploads\/2026\/03\/10-768x512.jpg 768w, http:\/\/www.marktplatz-zwickauerland.de\/wp-content\/uploads\/2026\/03\/10-1536x1024.jpg 1536w, http:\/\/www.marktplatz-zwickauerland.de\/wp-content\/uploads\/2026\/03\/10.jpg 2000w\" sizes=\"(max-width: 640px) 100vw, 640px\" \/><\/p>\n<\/div>\n<div class=\"ce_text block\">\n<p>Neun der \u00e4ltesten Jugendlichen hatten sich im vergangenen Jahr das Ziel gesetzt, ihre Jugendfeuerwehrlaufbahn vor dem Wechsel in die aktive Einsatzabteilung mit der Leistungsspange abzuschlie\u00dfen. Nach einer intensiven Vorbereitung mit zus\u00e4tzlichen ausgiebigen Trainingseinheiten stellten sich dann im Rahmen der Ausbildungswoche an der Landesfeuerwehrschule in Nardt die Kameradin Maya Menge sowie die Kameraden Falk Kluge, Noah Hartig, Hannes Schlutter, Lucas M\u00e4cker, Constantin und Dominic Mai sowie Nils und Ole Teichmann dieser besonderen Herausforderung. Sie \u00fcberzeugten in den Disziplinen Kugelsto\u00dfen, Schnelligkeit, Staffellauf, Wissen, L\u00f6schangriff und Disziplin mit starken Leistungen und wurden am Ende mit der h\u00f6chsten Auszeichnung der Deutschen Jugendfeuerwehr, der Leistungsspange, belohnt, berichtete Julia Lampert und f\u00fcgte hinzu, wie stolz sie auf die gezeigten Leistungen der Jugendlichen und die Verleihung dieser Auszeichnung ist.<br \/>\nJulia Lampert: \u201eDas i-T\u00fcpfelchen auf unser f\u00fcr uns perfektes Jahr setzte dann am 19. Dezember 2025 der Empfang des neuen Hilfeleistungsl\u00f6schfahrzeugs, an dem auch unsere Jugendfeuerwehr teilnahm.\u201c<\/p>\n<p>Im Weiteren gab die Jugendwartin einen kleinen Ausblick auf das Jahr 2026.\u00a0\u00a0Begonnen hatte das Ausbildungsjahr f\u00fcr die Kinder und Jugendlichen mit grundlegenden Themen wie Unfallverh\u00fctungsvorschriften und Erster Hilfe.\u00a0\u00a0Im Juni ist die Durchf\u00fchrung des zweiten Berufsfeuerwehrwochenendes geplant, bei dem die Jugendlichen erneut realit\u00e4tsnahe Einsatzszenarien erleben und ihr K\u00f6nnen unter Beweis stellen k\u00f6nnen. Im Juli nehmen einige Mitglieder an der Internationalen Jugendwoche der Jugendfeuerwehr Sachsen im KiEZ Schneeberg teil, wo neben zahlreichen s\u00e4chsischen Jugendfeuerwehren auch Jugendgruppen aus Tschechien vertreten sind. Die j\u00e4hrliche Abschluss\u00fcbung soll am 19. September stattfinden \u2013 in diesem Jahr organisiert und durchgef\u00fchrt von der Jugendfeuerwehr G\u00f6\u00dfnitz. Auch der Osterbrunch, ein Kinobesuch und der gemeinsame Lichtelabend zur Weihnachtszeit geh\u00f6ren wieder zum Jahresprogramm.<br \/>\nJulia Lampert: \u201eNat\u00fcrlich wird zwischen all den geplanten Aktivit\u00e4ten der Ausbildungsdienst nicht zu kurz kommen. Wichtige Themen wie Ger\u00e4tekunde, Knoten und Leinen sowie die Feuerwehr-Dienstvorschrift 3 sind dabei stetige Begleiter und werden regelm\u00e4\u00dfig aufgefrischt. Auch das Kennenlernen des neuen Hilfeleistungsl\u00f6schfahrzeugs wird ein gro\u00dfes Thema sein und f\u00fcr spannende Dienste sorgen. Weiterhin bereiten wir die Jugendlichen auf die Abnahme der Jugendflamme Stufe 1 und 2 vor.\u201c<\/p>\n<p>Zum Abschluss ihrer Ausf\u00fchrungen bedankte sich Julia Lampert im Namen der Kinder und Jugendlichen herzlich bei allen, die die Meeraner Jugendfeuerwehr unterst\u00fctzen \u2013 bei allen Ausbildern und Unterst\u00fctzern, die Woche f\u00fcr Woche mit gro\u00dfem Engagement die Ausbildung des Nachwuchses begleiten, bei der Wehrleitung, den Zugf\u00fchrern und Mitgliedern der FFW Meerane sowie dem Verein St. Florian Meerane e. V. f\u00fcr die stetige Unterst\u00fctzung und wertvollen Ratschl\u00e4ge, bei B\u00fcrgermeister J\u00f6rg Schmei\u00dfer, der Stadtverwaltung, dem Meeraner Stadtrat sowie der Meeraner Stadttechnik f\u00fcr die kontinuierliche Unterst\u00fctzung und Anerkennung der Arbeit, und bei den Sponsoren, die durch finanzielle und materielle Hilfe viele Aktivit\u00e4ten und notwendige Anschaffungen erm\u00f6glichen. \u201eEin herzliches Dankesch\u00f6n an alle, die uns unterst\u00fctzen und damit einen wertvollen Beitrag zur Zukunft unserer Feuerwehr leisten. Denn: Ehrenamt ist keine Selbstverst\u00e4ndlichkeit\u201c, betonte die Jugendwartin.<\/p>\n<\/div>\n<\/div>\n<\/div>\n<\/div>\n<\/div>\n<p><\/main>Text und Bild: Stadtverwaltung Meerane<\/p>\n","protected":false},"excerpt":{"rendered":"<p>Jugendfeuerwehr Meerane: R\u00fcckblick 2025 \u2013 Ausblick 2026 Jugendwartin Julia Lampert stellte Rechenschaftsbericht vor \/ Mitgliederzahl auf 47 erh\u00f6ht Im Rahmen der Jahreshauptversammlung der Feuerwehr Meerane im Februar 2026 stellte Jugendwartin Julia Lampert den Rechenschaftsbericht der Jugendfeuerwehr f\u00fcr das Jahr 2025 vor. Sie informierte zur Mitgliederentwicklung, zu Ausbildungen, Diensten und den vielf\u00e4ltigen Aktivit\u00e4ten im vergangenen Jahr [&hellip;]<\/p>\n","protected":false},"author":1,"featured_media":131,"comment_status":"closed","ping_status":"open","sticky":false,"template":"","format":"standard","meta":{"footnotes":""},"categories":[25],"tags":[],"class_list":["post-1713","post","type-post","status-publish","format-standard","has-post-thumbnail","hentry","category-meerane"],"publishpress_future_action":{"enabled":false,"date":"2026-05-08 07:43:56","action":"change-status","newStatus":"draft","terms":[],"taxonomy":"category","extraData":[]},"publishpress_future_workflow_manual_trigger":{"enabledWorkflows":[]},"_links":{"self":[{"href":"http:\/\/www.marktplatz-zwickauerland.de\/index.php\/wp-json\/wp\/v2\/posts\/1713","targetHints":{"allow":["GET"]}}],"collection":[{"href":"http:\/\/www.marktplatz-zwickauerland.de\/index.php\/wp-json\/wp\/v2\/posts"}],"about":[{"href":"http:\/\/www.marktplatz-zwickauerland.de\/index.php\/wp-json\/wp\/v2\/types\/post"}],"author":[{"embeddable":true,"href":"http:\/\/www.marktplatz-zwickauerland.de\/index.php\/wp-json\/wp\/v2\/users\/1"}],"replies":[{"embeddable":true,"href":"http:\/\/www.marktplatz-zwickauerland.de\/index.php\/wp-json\/wp\/v2\/comments?post=1713"}],"version-history":[{"count":1,"href":"http:\/\/www.marktplatz-zwickauerland.de\/index.php\/wp-json\/wp\/v2\/posts\/1713\/revisions"}],"predecessor-version":[{"id":1716,"href":"http:\/\/www.marktplatz-zwickauerland.de\/index.php\/wp-json\/wp\/v2\/posts\/1713\/revisions\/1716"}],"wp:featuredmedia":[{"embeddable":true,"href":"http:\/\/www.marktplatz-zwickauerland.de\/index.php\/wp-json\/wp\/v2\/media\/131"}],"wp:attachment":[{"href":"http:\/\/www.marktplatz-zwickauerland.de\/index.php\/wp-json\/wp\/v2\/media?parent=1713"}],"wp:term":[{"taxonomy":"category","embeddable":true,"href":"http:\/\/www.marktplatz-zwickauerland.de\/index.php\/wp-json\/wp\/v2\/categories?post=1713"},{"taxonomy":"post_tag","embeddable":true,"href":"http:\/\/www.marktplatz-zwickauerland.de\/index.php\/wp-json\/wp\/v2\/tags?post=1713"}],"curies":[{"name":"wp","href":"https:\/\/api.w.org\/{rel}","templated":true}]}}