{"id":1637,"date":"2026-03-10T08:01:36","date_gmt":"2026-03-10T07:01:36","guid":{"rendered":"https:\/\/neues-mitteldeutschland.de\/?p=1637"},"modified":"2026-03-10T08:01:36","modified_gmt":"2026-03-10T07:01:36","slug":"ff-meerane-155-einsaetze-im-jahr-2025","status":"publish","type":"post","link":"http:\/\/www.marktplatz-zwickauerland.de\/index.php\/2026\/03\/10\/ff-meerane-155-einsaetze-im-jahr-2025\/","title":{"rendered":"FF Meerane: 155 Eins\u00e4tze im Jahr 2025"},"content":{"rendered":"<p>FF Meerane: 155 Eins\u00e4tze im Jahr 2025 \/ Gro\u00dfe Fortschritte bei technischer Ausstattung<\/p>\n<div class=\"ce_text block\">\n<p>Der Wehrleiter der FF Meerane, Kai G\u00f6tze, und der stellvertretende Wehrleiter Sven Hertwig begr\u00fc\u00dften am 6. Februar 2026 die Kameradinnen und Kameraden der Meeraner Wehr sowie zahlreiche G\u00e4ste zur Jahreshauptversammlung 2026. Diese fand nicht wie \u00fcblich in der Meeraner Feuerwache, sondern in der \u201eAlten Molkerei\u201c statt, deren Inhaber als Dankesch\u00f6n f\u00fcr die st\u00e4ndige Bereitschaft und das Engagement der Feuerwehrmitglieder das Abendessen f\u00fcr die Veranstaltung \u00fcbernahmen, informierte Kai G\u00f6tze, verbunden mit einem Dankesch\u00f6n. Zu den G\u00e4sten geh\u00f6rten B\u00fcrgermeister J\u00f6rg Schmei\u00dfer und die Dezernentinnen der Stadt Meerane Iris Anders, Ordnung und Sicherheit, und Kerstin Eis, Finanzen, Meeraner Stadtr\u00e4te, der Vorsitzende des Kreisfeuerwehrverbandes Chemnitzer Land Mario Legies sowie Vertreter befreundeter Wehren umliegender St\u00e4dte und Gemeinden.<br \/>\nBevor Kai G\u00f6tze den Rechenschaftsbericht f\u00fcr das Jahr 2025 vorstellte, bat er alle Anwesenden, sich f\u00fcr eine Schweigeminute im Gedenken an den verstorbenen Kameraden Mathias Schick zu erheben.<\/p>\n<p>Mit den Worten \u201eBeginnen wir mit den Wichtigsten, den Menschen, die unsere Feuerwehr mit Leben erf\u00fcllen\u201c, informierte Kai G\u00f6tze zuerst zum <strong>Personalbestand<\/strong>. Der Feuerwehr Meerane geh\u00f6rten zum Stand 31.12.2025 93 Kameradinnen und Kameraden an \u2013 70 Aktive und 23 in der Alters- und Ehrenabteilung. Der Ausbildungsstand ist gut bis sehr gut, so Kai G\u00f6tze. So verf\u00fcgt die Meeraner Wehr \u00fcber sechs Truppm\u00e4nner, 21 Truppf\u00fchrer, 34 Grupp-, Zug- bzw. Verbandf\u00fchrer, vier Kameraden mit Ausbildung Leiter einer Feuerwehr, 30 Atemschutzger\u00e4tetr\u00e4ger, 28 Maschinisten (davon 16 Drehleitermaschinisten), f\u00fcnf Ger\u00e4tewarte, vier Atemschutzger\u00e4tewarte, 36 F\u00fchrer von Motorkettens\u00e4gen und einen Ausbilder f\u00fcr Atemschutzger\u00e4tetr\u00e4ger und S\u00e4gef\u00fchrer.<br \/>\nUm den Ausbildungsstand zu erhalten und zu verbessern fanden auch 2025 zahlreiche Aus- und Fortbildungen innerhalb der Feuerwehr, auf Kreisebene und an der Landesfeuerwehr- und Katastrophenschutzschule Sachsen in Nardt statt. Spezielle Veranstaltungen wie Planspielausbildung gab es f\u00fcr die Gruppenf\u00fchrer und Einsatzleiter, Atemschutznotfalltraining f\u00fcr die Atemschutzger\u00e4tetr\u00e4ger, Pumpenausbildung f\u00fcr die Maschinisten und zahlreiche Spezialausbildungseinheiten f\u00fcr die Mitglieder der Fachgruppen ABC-Erkundung und Absturzsicherung. Die regul\u00e4re Fortbildung in den L\u00f6schz\u00fcgen fand planm\u00e4\u00dfig an den Freitagabenden statt.<br \/>\nKai G\u00f6tze informierte dar\u00fcber, welche Kameraden in Rahmen der Kreisausbildung bzw. an die Landesfeuerwehr- und Katastrophenschutzschule entsandt werden konnten und welche Lehrg\u00e4nge bzw. Fortbildungen sie absolvierten. Er verwies weiterhin auf die Teilnahme von sechs Atemschutzger\u00e4tetr\u00e4gern an der Hei\u00dfausbildung im FTZ in Wilkau-Ha\u00dflau im September 2025, einer \u201esehr guten Trainingsma\u00dfnahme zur Vorbereitung auf Eins\u00e4tze zur Geb\u00e4udebrandbek\u00e4mpfung\u201c, so der Wehrleiter.<\/p>\n<p>Im <strong>Bereich technische Ausstattung<\/strong> konnte als gro\u00dfer Meilenstein die Ersatzbeschaffung des Hilfeleistungsl\u00f6schfahrzeuges HLF 20 abgeschlossen werden. Im Dezember reisten die sechs Mitglieder der Projektgruppe zur Fahrzeugabnahme und Einweisung nach Luckenwalde. Am 19. Dezember 2025 rollte das Fahrzeug im Beisein von B\u00fcrgermeister J\u00f6rg Schmei\u00dfer, der Dezernentinnen Iris Anders und Kerstin Eis sowie zahlreicher Kameradinnen und Kameraden erstmals auf das Gel\u00e4nde der Feuerwache Meerane. Das neue Fahrzeug wird das LF 20-2 mit Baujahr 1994 ersetzen, welches im September 2025 einunddrei\u00dfig Jahre alt wurde. Die Auftr\u00e4ge f\u00fcr Fahrgestell, Aufbau und Beladung belaufen sich auf einen Gesamtwert von rund 600.000 Euro. Gef\u00f6rdert wurde das Fahrzeug vom Freistaat Sachsen mit 194.000 Euro.<br \/>\nDie \u00f6ffentliche Indienststellung des Fahrzeuges, so informierte Kai G\u00f6tze, wird am Samstag, 14. M\u00e4rz 2026, um 14:00 Uhr auf dem Meeraner Markt erfolgen. Die Meeraner B\u00fcrgerinnen und B\u00fcrger sind herzlich eingeladen.<br \/>\nEin zweiter gro\u00dfer Meilenstein war die Beschaffung von 80 Garnituren einer leichten Einsatzbekleidung f\u00fcr technische Hilfeleistungen und Vegetationsbrandbek\u00e4mpfung vom Typ RANGER 2.0 Fabrikat Firma S-Gard, die zur Jahreshauptversammlung auch vorgestellt wurden. Die Schutzanz\u00fcge sind leicht, extrem atmungsaktiv und bieten viel Bewegungsfreiheit. Eine Spezialbeschichtung macht die Bekleidung leichter und komfortabler. \u201eZusammen mit weiten Artikeln wie zehn Feuerwehrhelmen, 40 Paar Handschuhen und Kennzeichnungswesten wurden rund 50.000 Euro in die pers\u00f6nliche Schutzausr\u00fcstung unserer Kameradinnen und Kameraden investiert\u201c, betonte Kai G\u00f6tze.<br \/>\nDritte gro\u00dfe Errungenschaft war die Ersatzbeschaffung der 30 Jahre alten Schlauchwaschanlage. F\u00fcr einen Gesamtpreis von 84.000 Euro wurde durch die Stadt Meerane eine moderne Kompakt-Schlauchpflegeanlage erworben, die im Laufe des Jahres 2026 eintreffen wird.<br \/>\nKai G\u00f6tze informierte \u00fcber weitere Neu- und Ersatzbeschaffungen im Bereich der Ger\u00e4tetechnik und verwies auf eine weitere Fahrzeug-Ersatzbeschaffung im November 2025 \u2013 einen neuen CBRN-Erkundungswagen des Landkreises Zwickau, der in Meerane seinen Standort hat.<br \/>\nInsgesamt, so Kai G\u00f6tze, verf\u00fcgt die FF Meerane aktuell \u00fcber 13 Einsatzfahrzeuge und f\u00fcnf Anh\u00e4nger in zwei Ger\u00e4teh\u00e4usern. \u201eDie Ausstattung entspricht dem Sollzustand gem\u00e4\u00df unserem neuen Brandschutzbedarfsplan\u201c, so Kai G\u00f6tze und verwies darauf, dass die Modernisierung des Fuhrparkes auch f\u00fcr die n\u00e4chsten Jahre die gr\u00f6\u00dfte Herausforderung bleibt.<br \/>\nEin Jubil\u00e4um feiert die FF Meerane 2026 ebenfalls \u2013 den 30. Jahrestag des Einzuges in die neue Feuerwache an der Rose-Luxemburg-Stra\u00dfe 26!<\/p>\n<p>Das <strong>Einsatzgeschehen im Jahr 2025 <\/strong>weist insgesamt 155 Alarmierungen f\u00fcr die FF Meerane aus, darunter 142 Eins\u00e4tze in Meerane und 13 \u00fcber\u00f6rtliche Eins\u00e4tze im Landkreis Zwickau sowie im Landkreis Altenburger Land.<br \/>\nDie Kameradinnen und Kameraden r\u00fcckten zu 27 Brandeins\u00e4tzen, 88 Technischen Hilfeleistungen und 30 Fehlalarmierungen aus. Unter den Brandeins\u00e4tzen waren zehn Br\u00e4nde in Wohnungen, Wohnh\u00e4usern oder Nebengeb\u00e4uden und sieben Br\u00e4nde von Containern oder M\u00fcllbeh\u00e4ltern. Mittel- oder Gro\u00dfbr\u00e4nde gab es 2025 nicht, so der Wehrleiter.<br \/>\nDie 88 technischen Hilfeleistungen gliedern sich in 27 T\u00fcrnot\u00f6ffnungen, 14 Rettungen von Personen, 13 Wasser-\/Sturmsch\u00e4den, zehn Verkehrsunf\u00e4lle, drei \u00d6lsch\u00e4den, zwei Tierrettungen und 13 sonstige Hilfeleistungen. Der CBRN-Erkundungswagen war dreimal \u00fcber\u00f6rtlich im Einsatz.<br \/>\nBei diesen 155 Eins\u00e4tzen wurden 29 Personen gerettet. 2230 Kr\u00e4fte waren ausger\u00fcckt, durch die insgesamt 2188 Mann-Stunden geleistet wurden.<br \/>\nKai G\u00f6tze erinnerte an Eins\u00e4tze, die den Kameradinnen und Kameraden besonders in Erinnerung geblieben sind. Dazu z\u00e4hlen ein Verkehrsunfall auf der A4 im Februar, der Brand eines h\u00f6lzernen Anbaus an einem Wohnhaus Am Merzenberg im Februar, der Brand einer Industriebrache in Glauchau im M\u00e4rz, bei dem auch der CBRN-Erkunder und der Ger\u00e4tewagen Atemschutz im Einsatz waren, die Bergung von rund 200 Chemikalien aus einem Wohnhaus in der Pestalozzistra\u00dfe im Mai, der K\u00fcchenbrand in der Martin-Hochmuth-Stra\u00dfe im September w\u00e4hrend des Tages der offenen T\u00fcr bei der Feuerwehr, der Wohnungsbrand in der Philippstra\u00dfe im Oktober und der Brand im Treppenraum eines Hauses in der Rudolf-Breitscheid-Stra\u00dfe mit drei eingeschlossenen Personen im November 2025.<br \/>\nKai G\u00f6tze: \u201eStatistisch gesehen gab es im Berichtszeitraum durchschnittlich 13 Eins\u00e4tze pro Monat oder anders betrachtet drei Eins\u00e4tze pro Woche. Das sind pro Woche drei ungeplante Eingriffe ins Leben unserer Aktiven, bei denen man nie wei\u00df, was auf den Einzelnen zukommt und wie lange der Einsatz dauert. Drei F\u00e4lle pro Woche mit mal kleineren oder auch gro\u00dfen Auswirkungen auf die Feuerwehrfrau oder den Feuerwehrmann, seine Familie, das pers\u00f6nliche Umfeld und oft auch den Arbeitgeber.\u201c Der Wehrleiter zog den Vergleich mit einem Sportverein und f\u00fcgte hinzu: \u201eEs ist eben nicht wie beim Fu\u00dfballverein. Ja, unsere Trainingstermine sind genau wie dort planbar. Nur die Punktspiele werden vorher nicht bekannt gegeben. Und beim Umziehen m\u00fcssen wir schneller, verdammt viel schneller sein. Ach ja, und die Fu\u00dfballer sitzen auch deutlich seltener am Sonntag fr\u00fch um halb sechs oder nachts um eins bei der Einsatznachbesprechung.\u201c<\/p>\n<p>Zu allen Eins\u00e4tzen, Diensten und Fortbildungen kommen weitere <strong>Aktionen und Veranstaltungen<\/strong>, bei denen die Meeraner Feuerwehr dabei ist oder die sie selbst mit dem Feuerwehrverein ausrichtet. Dazu z\u00e4hlten im vergangenen Jahr das Knutfest, vier Veranstaltungen mit \u00d6ffnung der Feuerwehrhistorischen Ausstellung im Postgeb\u00e4ude, die Teilnahme am Meerathon 2025 mit zwei Erwachsenen-Teams und der Jugendfeuerwehr, der Tag der offenen T\u00fcr in der Feuerwache und die Auszeichnungsveranstaltung f\u00fcr die Dienstjubilare des Landkreises Zwickau.<\/p>\n<p>Ein gro\u00dfes Dankesch\u00f6n richtete der Wehrleiter abschlie\u00dfend an alle Akteure, die den \u201emittelst\u00e4ndischen Handwerksbetrieb Feuerwehr am Laufen halten\u201c: an die Kameradinnen und Kameraden, die sich um Reparatur, Wartung, Ausr\u00fcstung, Ausbildung etc. k\u00fcmmern, die Projektgruppe HLF 20 und den Fachausschuss Bekleidung, die Zugf\u00fchrer der L\u00f6schz\u00fcge und ihre Stellvertreter und den Leiter der Ehrenabteilung. \u201eIch bedanke mich recht herzlich f\u00fcr die von euch erbrachten Leistungen bei den 155 Eins\u00e4tzen, bei den verschiedensten Ausbildungen, bei der Technikpflege oder Reinigungsdiensten zur S\u00e4uberung von Fahrzeugen, Werkst\u00e4tten und der Fahrzeughalle. Ohne dieses gemeinsame Wirken w\u00fcrde eine freiwillige Feuerwehr nicht funktionieren\u201c, sagte er.<br \/>\nKai G\u00f6tze dankte B\u00fcrgermeister J\u00f6rg Schmei\u00dfer, den Dezernentinnen Iris Anders und Kerstin Eis mit ihren Mitarbeiterinnen und Mitarbeitern f\u00fcr die Unterst\u00fctzung, den Meeraner Stadtr\u00e4tinnen und Stadtr\u00e4ten, dem Kreisbrandmeister und seinem Team und den Wehren benachbarter St\u00e4dte und Gemeinden f\u00fcr die sehr gute Zusammenarbeit.<br \/>\nKai G\u00f6tze: \u201eDie Kameradinnen und Kameraden der Freiwilligen Feuerwehr Meerane haben im Jahr 2025 die Aufgabe, Menschen, Tiere und Sachwerte vor Br\u00e4nden und anderen Gefahren zu sch\u00fctzen, erf\u00fcllt. Sie haben mit gro\u00dfem pers\u00f6nlichem Einsatz Enormes geleistet und daf\u00fcr viele Stunden ihrer Freizeit geopfert. Daf\u00fcr nochmals einen gro\u00dfen und herzlichen Dank an alle!\u201c<\/p>\n<p>Im Anschluss stellte Jugendwartin Julia Lampert den Rechenschaftsbericht der Jugendfeuerwehr Meerane vor und gab einen Ausblick auf das aktuelle Jahr. (Dazu wird ein weiterer Beitrag erscheinen.)<\/p>\n<p>B\u00fcrgermeister J\u00f6rg Schmei\u00dfer begr\u00fc\u00dfte ebenfalls herzlich alle G\u00e4ste und nahm diese zuerst, wie schon in den vergangenen Jahren, mit auf eine kurze humorvolle Geschichte \u201eEin Tag bei der Meeraner Feuerwehr\u201c. Danach war es ihm besonders wichtig, Danke zu sagen. \u201eHerzlichen Dank an Sie alle im Namen aller Meeranerinnen und Meeraner und unserer Unternehmen f\u00fcr Ihren Einsatz und Ihr gro\u00dfes ehrenamtliches Engagement. 155 Eins\u00e4tze im vergangenen Jahr, dazu unz\u00e4hlige Stunden Ausbildung und Dienste und das alles im Ehrenamt \u2013 von ganzen Herzen gro\u00dfer Dank an Sie alle f\u00fcr das, was Sie leisten. Ohne euch w\u00e4ren wir nicht sicher!\u201c<br \/>\nWeitere Gru\u00dfworte \u00fcberbrachten der Stellvertretende Kreisbrandmeister Thomas Welter und Vertreter befreundeter Feuerwehren, die sich f\u00fcr die wieder gute Zusammenarbeit bedankten, die man auch 2026 fortf\u00fchren wird.<br \/>\nEine Spende an die Jugendfeuerwehr \u00fcbergab Stadtrat Matthias Ulbricht von der Fraktion Freie W\u00e4hler.<\/p>\n<\/div>\n<div class=\"ce_text block\">\n<p><strong>Ehrungen und Bef\u00f6rderungen<\/strong><br \/>\nIm Anschluss fanden die Ehrungen der Kameradinnen und Kameraden f\u00fcr langj\u00e4hrige Zugeh\u00f6rigkeit zur Feuerwehr Meerane bzw. zur Bef\u00f6rderung in einen h\u00f6heren Dienstgrad statt. Die Ehrungen und Bef\u00f6rderungen wurden erneut vorbereitet durch den stellvertretenden Wehrleiter J\u00f6rg Scheerer.<br \/>\nDie Urkunden \u00fcberreichten Wehrleiter Kai G\u00f6tze und seine Stellvertreter J\u00f6rg Scheerer und Sven Hertwig gemeinsam mit B\u00fcrgermeister J\u00f6rg Schmei\u00dfer, verbunden mit herzlichen Gl\u00fcckw\u00fcnschen.<\/p>\n<p><strong>Ehrungen<br \/>\n<\/strong>10 Dienstjahre: Klara Leiding; Leon Kr\u00e4tzschmar<br \/>\n25 Dienstjahre: Matthias Hartmann; Andr\u00e9 Voigt<br \/>\n40 Dienstjahre: Lutz M\u00fcller; J\u00f6rg Porzig; J\u00f6rg Scheerer<br \/>\n45 Dienstjahre: Dieter Meuschke<br \/>\n65 Dienstjahre: Eldor Gengerke; Peter Rauner<\/p>\n<p><strong>Bef\u00f6rderungen<br \/>\n<\/strong>Feuerwehrmann-Anw\u00e4rter: Noah Hartig; Falk Kluge; Constantin Mai; Dominic Mai; Hannes Schlutter<br \/>\nFeuerwehrmann: Max Menge; Bruno Gentsch<br \/>\nOberfeuerwehrmann: Henry Kahle; Fabian Krebs; Finn Teichmann; Marcus Willig<br \/>\nHauptfeuerwehrmann: Ren\u00e9 Winkler; Brian Opitz; Daniel Graichen; Luca Staudinger<br \/>\nL\u00f6schmeister: Leon-Lucas Zimmermann; Dennis Elsner<br \/>\nBrandmeister: Matthias Hartmann<\/p>\n<\/div>\n","protected":false},"excerpt":{"rendered":"<p>FF Meerane: 155 Eins\u00e4tze im Jahr 2025 \/ Gro\u00dfe Fortschritte bei technischer Ausstattung Der Wehrleiter der FF Meerane, Kai G\u00f6tze, und der stellvertretende Wehrleiter Sven Hertwig begr\u00fc\u00dften am 6. Februar 2026 die Kameradinnen und Kameraden der Meeraner Wehr sowie zahlreiche G\u00e4ste zur Jahreshauptversammlung 2026. Diese fand nicht wie \u00fcblich in der Meeraner Feuerwache, sondern in [&hellip;]<\/p>\n","protected":false},"author":1,"featured_media":131,"comment_status":"closed","ping_status":"open","sticky":false,"template":"","format":"standard","meta":{"footnotes":""},"categories":[25],"tags":[],"class_list":["post-1637","post","type-post","status-publish","format-standard","has-post-thumbnail","hentry","category-meerane"],"publishpress_future_action":{"enabled":false,"date":"2026-05-07 16:35:52","action":"change-status","newStatus":"draft","terms":[],"taxonomy":"category","extraData":[]},"publishpress_future_workflow_manual_trigger":{"enabledWorkflows":[]},"_links":{"self":[{"href":"http:\/\/www.marktplatz-zwickauerland.de\/index.php\/wp-json\/wp\/v2\/posts\/1637","targetHints":{"allow":["GET"]}}],"collection":[{"href":"http:\/\/www.marktplatz-zwickauerland.de\/index.php\/wp-json\/wp\/v2\/posts"}],"about":[{"href":"http:\/\/www.marktplatz-zwickauerland.de\/index.php\/wp-json\/wp\/v2\/types\/post"}],"author":[{"embeddable":true,"href":"http:\/\/www.marktplatz-zwickauerland.de\/index.php\/wp-json\/wp\/v2\/users\/1"}],"replies":[{"embeddable":true,"href":"http:\/\/www.marktplatz-zwickauerland.de\/index.php\/wp-json\/wp\/v2\/comments?post=1637"}],"version-history":[{"count":1,"href":"http:\/\/www.marktplatz-zwickauerland.de\/index.php\/wp-json\/wp\/v2\/posts\/1637\/revisions"}],"predecessor-version":[{"id":1638,"href":"http:\/\/www.marktplatz-zwickauerland.de\/index.php\/wp-json\/wp\/v2\/posts\/1637\/revisions\/1638"}],"wp:featuredmedia":[{"embeddable":true,"href":"http:\/\/www.marktplatz-zwickauerland.de\/index.php\/wp-json\/wp\/v2\/media\/131"}],"wp:attachment":[{"href":"http:\/\/www.marktplatz-zwickauerland.de\/index.php\/wp-json\/wp\/v2\/media?parent=1637"}],"wp:term":[{"taxonomy":"category","embeddable":true,"href":"http:\/\/www.marktplatz-zwickauerland.de\/index.php\/wp-json\/wp\/v2\/categories?post=1637"},{"taxonomy":"post_tag","embeddable":true,"href":"http:\/\/www.marktplatz-zwickauerland.de\/index.php\/wp-json\/wp\/v2\/tags?post=1637"}],"curies":[{"name":"wp","href":"https:\/\/api.w.org\/{rel}","templated":true}]}}