{"id":1089,"date":"2026-02-09T07:16:53","date_gmt":"2026-02-09T06:16:53","guid":{"rendered":"https:\/\/neues-mitteldeutschland.de\/?p=1089"},"modified":"2026-02-09T07:16:53","modified_gmt":"2026-02-09T06:16:53","slug":"ehrenamt-staerken-und-engagement-wuerdigen","status":"publish","type":"post","link":"http:\/\/www.marktplatz-zwickauerland.de\/index.php\/2026\/02\/09\/ehrenamt-staerken-und-engagement-wuerdigen\/","title":{"rendered":"Ehrenamt st\u00e4rken und Engagement w\u00fcrdigen"},"content":{"rendered":"<p>Ehrenamt st\u00e4rken und Engagement w\u00fcrdigen \u2013 Antr\u00e4ge und Vorschl\u00e4ge f\u00fcr 2026 ab sofort online verf\u00fcgbar<\/p>\n<p>Ehrenamtliches Engagement ist eine tragende S\u00e4ule des gesellschaftlichen Zusammenhalts in der Stadt Gera. Um dieses Engagement auch im Jahr 2026 gezielt zu f\u00f6rdern und sichtbar zu w\u00fcrdigen, stellt der Service.GEneRAtionen und Ehrenamt der Stadt Gera ab sofort zwei entsprechende Antragsformulare online bereit.<\/p>\n<p>Zum einen k\u00f6nnen Vereine, Verb\u00e4nde sowie gemeinn\u00fctzige Initiativen F\u00f6rderantr\u00e4ge zur Vergabe von Ehrenamtsmitteln f\u00fcr das Jahr 2026 einreichen. Die F\u00f6rdermittel dienen unter anderem der Unterst\u00fctzung von Projekten der \u00d6ffentlichkeitsarbeit, Ma\u00dfnahmen zur Gewinnung neuer Ehrenamtlicher, Qualifizierungsangeboten sowie der Durchf\u00fchrung besonderer Veranstaltungen. Die Frist zur Antragstellung endet am 31. M\u00e4rz 2026.<\/p>\n<p>Zum anderen sind ab sofort wieder Vorschl\u00e4ge zur W\u00fcrdigung besonders engagierter B\u00fcrgerinnen und B\u00fcrger im Rahmen des Tages des Ehrenamtes 2026 m\u00f6glich. Mit dieser Auszeichnung bedankt sich die Stadt Gera f\u00fcr langj\u00e4hriges und herausragendes ehrenamtliches Wirken. Vorschlagsberechtigt sind Vereine, Organisationen sowie private Initiativen. Die Vorschlagsfrist endet am 30. Juni 2026.<\/p>\n<p>Beide Formulare sowie die aktuellen Vergabegrunds\u00e4tze stehen auf der st\u00e4dtischen Internetseite unter www.gera.de\/ehrenamtszentrale zum Download zur Verf\u00fcgung.<\/p>\n<p>&nbsp;<\/p>\n<p>Der Service.GEneRAtionen und Ehrenamt l\u00e4dt alle Engagierten sowie Institutionen der Stadt Gera dazu ein, diese M\u00f6glichkeiten zu nutzen \u2013 zur Unterst\u00fctzung ihrer wichtigen Arbeit und zur Anerkennung der Menschen, die sich tagt\u00e4glich f\u00fcr das Gemeinwohl einsetzen.<\/p>\n<p>&nbsp;<\/p>\n<p>F\u00fcr R\u00fcckfragen stehen die Mitarbeitenden aus dem Service.GEneRAtionen und Ehrenamt der Stadt Gera gern telefonisch unter 0365 838-1072 oder per E-Mail unter ehrenamtszentrale@gera.de zur Verf\u00fcgung.<\/p>\n","protected":false},"excerpt":{"rendered":"<p>Ehrenamt st\u00e4rken und Engagement w\u00fcrdigen \u2013 Antr\u00e4ge und Vorschl\u00e4ge f\u00fcr 2026 ab sofort online verf\u00fcgbar Ehrenamtliches Engagement ist eine tragende S\u00e4ule des gesellschaftlichen Zusammenhalts in der Stadt Gera. Um dieses Engagement auch im Jahr 2026 gezielt zu f\u00f6rdern und sichtbar zu w\u00fcrdigen, stellt der Service.GEneRAtionen und Ehrenamt der Stadt Gera ab sofort zwei entsprechende Antragsformulare [&hellip;]<\/p>\n","protected":false},"author":1,"featured_media":916,"comment_status":"closed","ping_status":"open","sticky":false,"template":"","format":"standard","meta":{"footnotes":""},"categories":[22],"tags":[],"class_list":["post-1089","post","type-post","status-publish","format-standard","has-post-thumbnail","hentry","category-gera"],"publishpress_future_action":{"enabled":true,"date":"2026-06-20 07:14:58","action":"delete","newStatus":"draft","terms":[0],"taxonomy":"category","extraData":[]},"publishpress_future_workflow_manual_trigger":{"enabledWorkflows":[]},"_links":{"self":[{"href":"http:\/\/www.marktplatz-zwickauerland.de\/index.php\/wp-json\/wp\/v2\/posts\/1089","targetHints":{"allow":["GET"]}}],"collection":[{"href":"http:\/\/www.marktplatz-zwickauerland.de\/index.php\/wp-json\/wp\/v2\/posts"}],"about":[{"href":"http:\/\/www.marktplatz-zwickauerland.de\/index.php\/wp-json\/wp\/v2\/types\/post"}],"author":[{"embeddable":true,"href":"http:\/\/www.marktplatz-zwickauerland.de\/index.php\/wp-json\/wp\/v2\/users\/1"}],"replies":[{"embeddable":true,"href":"http:\/\/www.marktplatz-zwickauerland.de\/index.php\/wp-json\/wp\/v2\/comments?post=1089"}],"version-history":[{"count":1,"href":"http:\/\/www.marktplatz-zwickauerland.de\/index.php\/wp-json\/wp\/v2\/posts\/1089\/revisions"}],"predecessor-version":[{"id":1090,"href":"http:\/\/www.marktplatz-zwickauerland.de\/index.php\/wp-json\/wp\/v2\/posts\/1089\/revisions\/1090"}],"wp:featuredmedia":[{"embeddable":true,"href":"http:\/\/www.marktplatz-zwickauerland.de\/index.php\/wp-json\/wp\/v2\/media\/916"}],"wp:attachment":[{"href":"http:\/\/www.marktplatz-zwickauerland.de\/index.php\/wp-json\/wp\/v2\/media?parent=1089"}],"wp:term":[{"taxonomy":"category","embeddable":true,"href":"http:\/\/www.marktplatz-zwickauerland.de\/index.php\/wp-json\/wp\/v2\/categories?post=1089"},{"taxonomy":"post_tag","embeddable":true,"href":"http:\/\/www.marktplatz-zwickauerland.de\/index.php\/wp-json\/wp\/v2\/tags?post=1089"}],"curies":[{"name":"wp","href":"https:\/\/api.w.org\/{rel}","templated":true}]}}